{"id":5844,"date":"2026-09-03T11:29:03","date_gmt":"2026-09-03T11:29:03","guid":{"rendered":"https:\/\/inquietar.com\/lectio-divina-23o-domingo-do-tempo-comum-onde-dois-ou-tres-se-reunem-em-meu-nome\/"},"modified":"2026-09-03T14:40:16","modified_gmt":"2026-09-03T14:40:16","slug":"lectio-divina-23o-domingo-do-tempo-comum-onde-dois-ou-tres-se-reunem-em-meu-nome","status":"publish","type":"post","link":"https:\/\/inquietar.com\/pt-br\/lectio-divina-23o-domingo-do-tempo-comum-onde-dois-ou-tres-se-reunem-em-meu-nome\/","title":{"rendered":"Lectio Divina 23\u00ba Domingo do Tempo Comum: Onde dois ou tr\u00eas se re\u00fanem em meu nome"},"content":{"rendered":"\n<style>\n.inq-alt {\n  --inq-teal: #0b7d8c;\n  --inq-aqua: #3bb0ba;\n  --inq-coral: #e8824f;\n  --inq-ink: #1a1a2e;\n  --inq-paper: #ffffff;\n  --inq-mist: #eef7f8;\n  max-width: 820px !important;\n  margin: 0 auto !important;\n  padding: 28px !important;\n  color: #333333 !important;\n  background: #ffffff !important;\n  border-radius: 28px !important;\n  box-shadow: 0 20px 70px rgba(11,125,140,.12) !important;\n  overflow: hidden;\n  position: relative;\n}\n.inq-alt *, .inq-alt *::before, .inq-alt *::after { box-sizing: border-box; }\n.inq-alt h1, .inq-alt h2 { color: var(--inq-ink) !important; }\n.inq-hero {\n  position: relative;\n  margin: 0 0 34px !important;\n  padding: 68px 42px 58px !important;\n  overflow: hidden;\n  color: #ffffff;\n  background: linear-gradient(145deg,#075f6b 0%,#0b7d8c 58%,#3bb0ba 100%);\n  border-radius: 24px;\n  box-shadow: 0 18px 38px rgba(11,125,140,.23);\n}\n.inq-hero::before {\n  content: \"\";\n  position: absolute;\n  width: 280px;\n  height: 280px;\n  right: -105px;\n  top: -125px;\n  border: 42px solid rgba(255,255,255,.10);\n  border-radius: 50%;\n}\n.inq-hero::after {\n  content: \"\";\n  position: absolute;\n  width: 140px;\n  height: 140px;\n  left: -60px;\n  bottom: -72px;\n  background: var(--inq-coral);\n  opacity: .34;\n  border-radius: 50%;\n}\n.inq-hero > * { position: relative; z-index: 1; }\n.inq-hero > p:first-child { color: #d7f4f6 !important; }\n.inq-hero h1 { color: #ffffff !important; font-size: 52px !important; }\n.inq-hero h1 em { color: #ffd0b8 !important; }\n.inq-hero > p:nth-of-type(2) { color: #ffffff !important; opacity: .86; }\n.inq-hero > div { background: var(--inq-coral) !important; width: 84px !important; }\n.inq-intro {\n  max-width: 690px;\n  margin: 0 auto 34px !important;\n  padding: 6px 20px;\n  color: #4a4a4a !important;\n}\n.inq-route {\n  display: flex;\n  gap: 10px;\n  justify-content: center;\n  flex-wrap: wrap;\n  margin: 0 0 64px;\n  padding: 0;\n}\n.inq-route span {\n  display: inline-flex;\n  align-items: center;\n  gap: 7px;\n  padding: 9px 13px;\n  color: var(--inq-teal);\n  background: var(--inq-mist);\n  border: 1px solid #cfe7e9;\n  border-radius: 999px;\n  font: 700 11px\/1.2 Helvetica,Arial,sans-serif;\n  letter-spacing: .8px;\n  text-transform: uppercase;\n}\n.inq-route b { color: var(--inq-coral); }\n.inq-section, .inq-step, .inq-voice {\n  position: relative;\n  margin: 64px 0 !important;\n}\n.inq-section {\n  padding: 40px !important;\n  background: #f8fbfb;\n  border: 1px solid #dcebed;\n  border-radius: 22px;\n}\n.inq-invocacion { border-top: 5px solid var(--inq-coral); }\n.inq-biblia { border-top: 5px solid var(--inq-teal); }\n.inq-biblia > div { border: 0 !important; box-shadow: 0 10px 28px rgba(26,26,46,.07); }\n.inq-voice {\n  padding: 38px !important;\n  background: linear-gradient(135deg,#fff8f3 0%,#ffffff 100%) !important;\n  border: 1px solid #f4d7c8 !important;\n  border-radius: 22px !important;\n  box-shadow: 0 12px 28px rgba(232,130,79,.10);\n}\n.inq-step {\n  margin-left: 28px !important;\n  padding: 46px 42px 42px 58px !important;\n  background: linear-gradient(145deg,#f4fafb 0%,#ffffff 100%);\n  border: 1px solid #d7e9eb;\n  border-radius: 24px;\n  box-shadow: 0 14px 34px rgba(11,125,140,.09);\n}\n.inq-step::before {\n  content: attr(data-step);\n  position: absolute;\n  left: -30px;\n  top: 38px;\n  display: grid;\n  place-items: center;\n  width: 60px;\n  height: 60px;\n  color: #ffffff;\n  background: var(--inq-teal);\n  border: 6px solid #ffffff;\n  border-radius: 50%;\n  box-shadow: 0 9px 22px rgba(11,125,140,.25);\n  font: 800 15px\/1 Helvetica,Arial,sans-serif;\n  letter-spacing: 1px;\n  z-index: 2;\n}\n.inq-step::after {\n  content: \"\";\n  position: absolute;\n  left: -1px;\n  top: 104px;\n  bottom: -66px;\n  width: 2px;\n  background: linear-gradient(var(--inq-aqua),rgba(59,176,186,.08));\n}\n.inq-step > p:first-child, .inq-step > h2, .inq-step > p:nth-child(3) {\n  text-align: left !important;\n}\n.inq-step > h2 { margin-left: 0 !important; }\n.inq-meditatio::before { background: var(--inq-coral); box-shadow: 0 9px 22px rgba(232,130,79,.25); }\n.inq-meditatio blockquote { border-left-color: var(--inq-coral) !important; }\n.inq-oratio { background: linear-gradient(145deg,#fff8f3 0%,#ffffff 100%); border-color: #f2d7c9; }\n.inq-oratio::before { background: var(--inq-coral); }\n.inq-contemplatio { background: linear-gradient(145deg,#f2f8f9 0%,#ffffff 100%); }\n.inq-comunicatio { background: linear-gradient(145deg,#eff9fa 0%,#ffffff 100%); }\n.inq-community-card {\n  border: 0 !important;\n  border-left: 4px solid var(--inq-aqua) !important;\n  border-radius: 0 14px 14px 0 !important;\n  box-shadow: 0 8px 22px rgba(26,26,46,.06);\n}\n.inq-community-card strong { color: var(--inq-teal); }\n.inq-mantra {\n  margin-top: 36px;\n  padding: 24px;\n  color: #ffffff !important;\n  background: var(--inq-teal);\n  border-radius: 18px;\n}\n.inq-mantra p { color: #ffffff !important; }\n.inq-final { background: #f8fbfb; border-top: 5px solid var(--inq-aqua); }\n.inq-vocations { padding: 0 !important; border: 0; overflow: hidden; }\n.inq-vocations > div {\n  background: linear-gradient(145deg,#1a1a2e 0%,#0b7d8c 100%) !important;\n  border-radius: 22px !important;\n  box-shadow: 0 16px 36px rgba(26,26,46,.20);\n}\n.inq-cta a { background: linear-gradient(135deg,var(--inq-coral),#d8653b) !important; box-shadow: 0 10px 26px rgba(232,130,79,.28) !important; }\n@media (max-width: 640px) {\n  .inq-alt { padding: 14px !important; border-radius: 16px !important; }\n  .inq-hero { padding: 48px 22px 42px !important; border-radius: 18px; }\n  .inq-hero h1 { font-size: 38px !important; }\n  .inq-section { padding: 28px 22px !important; }\n  .inq-step { margin-left: 16px !important; padding: 38px 22px 32px 34px !important; }\n  .inq-step::before { left: -24px; width: 48px; height: 48px; border-width: 4px; }\n  .inq-step::after { left: -1px; top: 88px; }\n  .inq-step h2 { font-size: 27px !important; }\n  .inq-route span { font-size: 10px; }\n}\n<\/style>\n<div class=\"inq-alt\" lang=\"pt-BR\" style=\"max-width:760px;margin:0 auto;padding:48px 32px;font-family:Georgia,'Times New Roman',serif;color:#2b2b2b;line-height:1.75;background:#f4f7fa;border-radius:12px;box-shadow:0 4px 24px rgba(30,60,90,.08);\">\n<div class=\"inq-hero\" style=\"text-align:center;margin-bottom:40px;\">\n<p style=\"font-family:Helvetica,Arial,sans-serif;font-size:12px;letter-spacing:3px;text-transform:uppercase;color:#d7f4f6;margin:0 0 12px;\">23\u00ba Domingo do Tempo Comum \u00b7 Mateus 18,15-20<\/p>\n<h1 style=\"font-family:Georgia,serif;font-size:48px;line-height:1.1;color:#fff;margin:0 0 8px;font-weight:bold;letter-spacing:-.5px;\">Onde dois ou tr\u00eas se re\u00fanem <em style=\"color:#ffd0b8;font-style:italic;\">em meu nome<\/em><\/h1>\n<p style=\"font-family:Helvetica,Arial,sans-serif;font-size:14px;letter-spacing:2px;text-transform:uppercase;color:#fff;margin:12px 0 0;\">A corre\u00e7\u00e3o fraterna: miseric\u00f3rdia vivida em comunidade<\/p>\n<div style=\"width:60px;height:3px;background:#e8824f;margin:28px auto 0;\"><\/div>\n<\/div>\n\n<p class=\"inq-intro\" style=\"font-size:18px;line-height:1.8;margin:0 0 32px;text-align:center;color:#2b2b2b;font-style:italic;\">Esta <strong>Lectio Divina do 23\u00ba Domingo do Tempo Comum<\/strong>, Ano A, nasce do Evangelho de <strong>Mateus 18,15-20<\/strong>: \u00abOnde dois ou tr\u00eas estiverem reunidos em meu nome, eu estarei no meio deles\u00bb. Em cinco movimentos \u2014Lectio, Meditatio, Oratio, Contemplatio e Communicatio\u2014 acolhemos a Palavra no esp\u00edrito agostiniano recoleto, na ora\u00e7\u00e3o pessoal e comunit\u00e1ria.<\/p>\n<div class=\"inq-route\" aria-label=\"Lectio Divina\"><span><b>01<\/b> Lectio<\/span><span><b>02<\/b> Meditatio<\/span><span><b>03<\/b> Oratio<\/span><span><b>04<\/b> Contemplatio<\/span><span><b>05<\/b> Communicatio<\/span><\/div>\n\n<div class=\"inq-section inq-invocacion\" style=\"margin:48px 0;\">\n<p style=\"font-family:Helvetica,Arial,sans-serif;font-size:11px;letter-spacing:3px;text-transform:uppercase;color:#0b7d8c;margin:0 0 4px;text-align:center;\">Invoca\u00e7\u00e3o<\/p>\n<h2 style=\"font-family:Georgia,serif;font-size:32px;color:#1a1a2e;text-align:center;margin:0 0 24px;font-weight:bold;\">Vem, Esp\u00edrito Santo<\/h2>\n<div style=\"background:#fff;border-left:4px solid #e8824f;padding:28px 32px;border-radius:0 8px 8px 0;font-style:italic;font-size:18px;color:#1a1a2e;line-height:1.7;\">\n<p style=\"margin:0 0 16px;\">Vem, Esp\u00edrito Santo,<br>\npor quem \u00e9 santificada<br>\ntoda pessoa que cr\u00ea em Cristo<br>\ne se torna cidad\u00e3<br>\nda cidade de Deus.<\/p>\n<p style=\"margin:0;\">Vem, Esp\u00edrito Santo;<br>\ntorna-nos atentos aos movimentos de Deus.<br>\nAcende em n\u00f3s o teu fogo,<br>\nilumina-nos e eleva-nos para Deus.<\/p>\n<p style=\"text-align:right;font-size:14px;color:#6b8599;margin:20px 0 0;font-style:normal;letter-spacing:1px;\">\u2014 Santo Agostinho (En. Ps. 45, 8 \u00b7 Serm. 128, 4)<\/p>\n<\/div><\/div>\n\n<div class=\"inq-section inq-biblia\" style=\"margin:56px 0;\">\n<p style=\"font-family:Helvetica,Arial,sans-serif;font-size:11px;letter-spacing:3px;text-transform:uppercase;color:#0b7d8c;margin:0 0 4px;text-align:center;\">Evangelho<\/p>\n<h2 style=\"font-family:Georgia,serif;font-size:32px;color:#1a1a2e;text-align:center;margin:0 0 8px;font-weight:bold;\">Mateus 18,15-20<\/h2>\n<p style=\"text-align:center;font-style:italic;color:#6b8599;margin:0 0 28px;\">23\u00ba Domingo do Tempo Comum<\/p>\n<div style=\"background:#fff;padding:32px;border-radius:8px;border:1px solid #d9e4ec;font-size:18px;line-height:1.8;\">\n<p style=\"margin:0 0 16px;\">Naquele tempo, Jesus disse aos disc\u00edpulos: <em><span style=\"color:#e2573e;\">\u00abSe o teu irm\u00e3o pecar contra ti, vai corrigi-lo a s\u00f3s. Se ele te ouvir, ter\u00e1s ganhado o teu irm\u00e3o.<\/span><\/em><\/p>\n<p style=\"margin:0 0 16px;\"><em><span style=\"color:#e2573e;\">Se n\u00e3o te ouvir, leva contigo mais uma ou duas pessoas, para que toda quest\u00e3o seja decidida pela palavra de duas ou tr\u00eas testemunhas. Se ele n\u00e3o lhes der ouvido, fala \u00e0 comunidade; e, se n\u00e3o ouvir nem mesmo a comunidade, reconhece que a comunh\u00e3o foi rompida.<\/span><\/em><\/p>\n<p style=\"margin:0 0 16px;\"><em><span style=\"color:#e2573e;\">Em verdade vos digo: tudo o que ligardes na terra ser\u00e1 ligado no c\u00e9u, e tudo o que desligardes na terra ser\u00e1 desligado no c\u00e9u.<\/span><\/em><\/p>\n<p style=\"margin:0 0 16px;\"><em><span style=\"color:#e2573e;\">Eu vos digo ainda: se dois de v\u00f3s estiverem de acordo na terra sobre qualquer coisa que quiserem pedir, isso lhes ser\u00e1 concedido por meu Pai que est\u00e1 nos c\u00e9us. Pois onde dois ou tr\u00eas estiverem reunidos em meu nome, eu estarei no meio deles\u00bb.<\/span><\/em><\/p>\n<p style=\"text-align:right;margin:24px 0 0;color:#0b7d8c;font-weight:bold;\">Palavra da Salva\u00e7\u00e3o<\/p>\n<p style=\"text-align:right;margin:4px 0 0;color:#6b8599;font-style:italic;\">Gl\u00f3ria a v\u00f3s, Senhor<\/p>\n<\/div><\/div>\n\n<div class=\"inq-step inq-lectio\" data-step=\"01\" style=\"margin:56px 0;\">\n<p style=\"font-family:Helvetica,Arial,sans-serif;font-size:11px;letter-spacing:3px;text-transform:uppercase;color:#0b7d8c;margin:0 0 4px;text-align:center;\">Lectio<\/p>\n<h2 style=\"font-family:Georgia,serif;font-size:32px;color:#1a1a2e;text-align:center;margin:0 0 8px;font-weight:bold;\">O que diz o texto<\/h2>\n<p style=\"text-align:center;font-style:italic;color:#6b8599;margin:0 0 28px;\">Santo Agostinho \u00b7 Serm\u00e3o 17, 6-7<\/p>\n<div style=\"font-size:17px;line-height:1.8;\"><p style=\"margin:0 0 16px;\">H\u00e1 algo especialmente grave: n\u00e3o apenas custa perdoar quando somos ofendidos, mas tamb\u00e9m podemos nos recusar a pedir perd\u00e3o quando somos n\u00f3s que erramos. A tenta\u00e7\u00e3o entra, a ira toma conta do cora\u00e7\u00e3o e a l\u00edngua come\u00e7a a acusar. Quando perceberes at\u00e9 onde isso te arrastou, volta atr\u00e1s e diz com simplicidade: \u00abErrei; pequei\u00bb. Reconhecer a falta n\u00e3o vai te destruir; abrir\u00e1 uma porta para a vida.<\/p>\n<p style=\"margin:0;\">Se algu\u00e9m n\u00e3o escuta nem mesmo a comunidade, Jesus pede que levemos a s\u00e9rio a profundidade dessa ruptura. Mas isso s\u00f3 acontece depois de um encontro pessoal e de percorrermos com paci\u00eancia os caminhos da verdade e da miseric\u00f3rdia. A corre\u00e7\u00e3o n\u00e3o serve para humilhar ou expor; ela procura reconquistar um irm\u00e3o.<\/p><\/div>\n<\/div>\n\n<div class=\"inq-voice\" style=\"margin:56px 0;padding:32px;background:#fff;border-radius:8px;border:1px solid #d9e4ec;\">\n<p style=\"text-align:center;font-style:italic;color:#6b8599;margin:0 0 20px;letter-spacing:1px;\">S\u00e3o Tom\u00e1s de Vilanova<\/p>\n<div style=\"font-size:18px;line-height:1.8;font-style:italic;color:#1a1a2e;text-align:center;\"><p style=\"margin:0;\">Como \u00e9 delicado o mandamento do Senhor! Para proteger a boa fama do pr\u00f3ximo, ele n\u00e3o permite uma acusa\u00e7\u00e3o p\u00fablica imediata. Primeiro vem uma palavra em segredo; depois, a presen\u00e7a de duas testemunhas; e somente ent\u00e3o a comunidade. O bom m\u00e9dico tamb\u00e9m come\u00e7a com suavidade e recorre a rem\u00e9dios mais dolorosos apenas quando a ferida amea\u00e7a todo o corpo.<\/p><\/div>\n<\/div>\n\n<div class=\"inq-section inq-commentary\" style=\"margin:56px 0;\">\n<p style=\"font-family:Helvetica,Arial,sans-serif;font-size:11px;letter-spacing:3px;text-transform:uppercase;color:#0b7d8c;margin:0 0 4px;text-align:center;\">Reflex\u00e3o<\/p>\n<h2 style=\"font-family:Georgia,serif;font-size:28px;color:#1a1a2e;text-align:center;margin:0 0 28px;font-weight:bold;\">A corre\u00e7\u00e3o fraterna: miseric\u00f3rdia vivida em comunidade<\/h2>\n<div style=\"font-size:18px;line-height:1.8;\"><p style=\"margin:0 0 16px;\">Jesus enfrenta uma realidade que toda comunidade acaba conhecendo: o pecado fere as rela\u00e7\u00f5es e pode machucar o corpo inteiro. Sua proposta \u00e9 concreta, gradual e respons\u00e1vel. O primeiro passo n\u00e3o \u00e9 excluir, mas aproximar-se; n\u00e3o \u00e9 expor, mas conversar a s\u00f3s; n\u00e3o \u00e9 derrotar a outra pessoa, mas <strong style=\"color:#0b7d8c;\">ganhar o irm\u00e3o<\/strong>.<\/p>\n<p style=\"margin:0 0 16px;\">Essas palavras aparecem logo depois da par\u00e1bola da ovelha perdida. A comunidade crist\u00e3 vive, portanto, em sintonia com o desejo de Deus de trazer de volta quem se afastou. Ela \u00e9 um hospital para todos: cuida das feridas, oferece a medicina necess\u00e1ria e n\u00e3o deixa de esperar a convers\u00e3o.<\/p>\n<p style=\"margin:0 0 16px;\">A corre\u00e7\u00e3o fraterna n\u00e3o pertence a quem se considera moralmente superior. Todos precisamos aprender a falar com humildade e a acolher uma corre\u00e7\u00e3o sem nos fechar na defesa. A verdade sem caridade destr\u00f3i; a caridade sem verdade deixa o irm\u00e3o sozinho dentro da pr\u00f3pria ferida.<\/p>\n<p style=\"margin:0 0 16px;\">Talvez seja necess\u00e1rio estabelecer limites quando algu\u00e9m recusa toda ajuda e coloca outras pessoas em risco. Mesmo assim, o limite deve nascer da responsabilidade, e n\u00e3o do desprezo, mantendo aberta a esperan\u00e7a.<\/p>\n<p style=\"margin:0 0 16px;\">A autoridade de ligar e desligar est\u00e1 a servi\u00e7o da comunh\u00e3o oferecida pela miseric\u00f3rdia. A ora\u00e7\u00e3o partilhada sustenta esse caminho: quando dois ou tr\u00eas se re\u00fanem em nome de Jesus, ele n\u00e3o \u00e9 um convidado distante, mas <strong style=\"color:#0b7d8c;\">o centro vivo da comunidade<\/strong>.<\/p>\n<p style=\"margin:0;\">Juntos, rezamos pela convers\u00e3o do mundo, pelas rela\u00e7\u00f5es feridas e por quem se afastou. A presen\u00e7a de Cristo transforma quem reza e ensina a buscar a vontade do Pai.<\/p><\/div>\n<\/div>\n\n<div class=\"inq-step inq-meditatio\" data-step=\"02\" style=\"margin:56px 0;\">\n<p style=\"font-family:Helvetica,Arial,sans-serif;font-size:11px;letter-spacing:3px;text-transform:uppercase;color:#0b7d8c;margin:0 0 4px;text-align:center;\">Meditatio<\/p>\n<h2 style=\"font-family:Georgia,serif;font-size:32px;color:#1a1a2e;text-align:center;margin:0 0 28px;font-weight:bold;\">O que a Palavra diz a mim<\/h2>\n\n<blockquote style=\"border-left:4px solid #e8824f;background:#fff;margin:0 0 20px;padding:22px 26px;font-family:Georgia,serif;font-size:19px;font-style:italic;color:#1a1a2e;line-height:1.5;border-radius:0 8px 8px 0;\"><p style=\"margin:0;\">\u00abSe n\u00e3o ouvir nem mesmo a comunidade, reconhece que a comunh\u00e3o foi rompida\u00bb.<\/p><\/blockquote>\n<p style=\"font-size:18px;margin:0 0 12px;line-height:1.8;\">Jesus reconhece que existem escolhas que destroem em vez de construir. Colocar um limite pode doer, como um rem\u00e9dio sobre a ferida, mas \u00e0s vezes \u00e9 necess\u00e1rio para proteger as pessoas e cuidar da comunidade. N\u00e3o podemos obrigar ningu\u00e9m a mudar; podemos continuar amando, rezando e deixando aberto o caminho de volta.<\/p>\n<p style=\"font-size:19px;margin:0 0 36px;color:#0b7d8c;font-style:italic;text-align:center;font-weight:bold;\">Sei colocar limites sem deixar de amar e de esperar a convers\u00e3o do outro?<\/p>\n\n<blockquote style=\"border-left:4px solid #e8824f;background:#fff;margin:0 0 20px;padding:22px 26px;font-family:Georgia,serif;font-size:19px;font-style:italic;color:#1a1a2e;line-height:1.5;border-radius:0 8px 8px 0;\"><p style=\"margin:0;\">\u00abOnde dois ou tr\u00eas estiverem reunidos em meu nome, eu estarei no meio deles\u00bb.<\/p><\/blockquote>\n<p style=\"font-size:18px;margin:0 0 12px;line-height:1.8;\">O centro da comunidade crist\u00e3 n\u00e3o \u00e9 apenas o afeto entre os seus membros: \u00e9 Jesus de Nazar\u00e9. Aprendendo com ele a olhar para o Pai, aprendemos tamb\u00e9m a pedir segundo a vontade de Deus. A presen\u00e7a de Cristo transforma um encontro em comunh\u00e3o e muitas vozes em ora\u00e7\u00e3o partilhada.<\/p>\n<p style=\"font-size:19px;margin:0;color:#0b7d8c;font-style:italic;text-align:center;font-weight:bold;\">Cristo \u00e9 realmente o centro da minha ora\u00e7\u00e3o e da minha comunidade?<\/p>\n<\/div>\n\n<div class=\"inq-step inq-oratio\" data-step=\"03\" style=\"margin:56px 0;\">\n<p style=\"font-family:Helvetica,Arial,sans-serif;font-size:11px;letter-spacing:3px;text-transform:uppercase;color:#0b7d8c;margin:0 0 4px;text-align:center;\">Oratio<\/p>\n<h2 style=\"font-family:Georgia,serif;font-size:32px;color:#1a1a2e;text-align:center;margin:0 0 28px;font-weight:bold;\">O que digo a Deus<\/h2>\n<div style=\"background:#fff;padding:32px;border-radius:8px;border:1px solid #d9e4ec;font-size:19px;line-height:1.9;font-style:italic;color:#1a1a2e;text-align:center;\">\n<p style=\"margin:0 0 16px;\">Que ningu\u00e9m diga:<br>\u00abN\u00e3o sei o que devo amar\u00bb.<br>Ama o irm\u00e3o<br>e amar\u00e1s o pr\u00f3prio Amor.<\/p>\n<p style=\"margin:0 0 16px;\">Abra\u00e7a o Deus Amor;<br>abra\u00e7a Deus por meio do amor.<br>Ele \u00e9 o Amor que nos une,<br>o Amor que nos torna um s\u00f3 povo.<\/p>\n<p style=\"margin:0;\">Quanto mais livres estivermos<br>da falta de amor e da soberba,<br>mais seremos preenchidos pelo amor.<br>E quem est\u00e1 cheio de amor,<br>de que est\u00e1 cheio, sen\u00e3o de Deus?<\/p>\n<p style=\"font-size:14px;font-style:normal;color:#6b8599;margin:0;letter-spacing:1px;\">\u2014 Santo Agostinho (A Trindade 8, 8, 12)<\/p>\n<\/div><\/div>\n\n<div class=\"inq-step inq-contemplatio\" data-step=\"04\" style=\"margin:56px 0;\">\n<p style=\"font-family:Helvetica,Arial,sans-serif;font-size:11px;letter-spacing:3px;text-transform:uppercase;color:#0b7d8c;margin:0 0 4px;text-align:center;\">Contemplatio<\/p>\n<h2 style=\"font-family:Georgia,serif;font-size:28px;color:#1a1a2e;text-align:center;margin:0 0 28px;font-weight:bold;\">Faz com que eu me lembre de ti, Senhor<\/h2>\n<div style=\"text-align:center;font-size:18px;line-height:1.8;\">\n<p style=\"color:#0b7d8c;font-style:italic;margin:0 0 8px;font-weight:bold;\">No sil\u00eancio\u2026<\/p>\n<p style=\"margin:0 0 24px;\">Observa o cuidado de Jesus por quem se afastou ou errou.<\/p>\n<p style=\"margin:0 0 8px;\">Ele n\u00e3o convida a condenar, mas a buscar o irm\u00e3o.<\/p>\n<p style=\"margin:0 0 32px;color:#1a1a2e;font-weight:bold;\">Permanece na sua promessa: ele est\u00e1 aqui no meio de n\u00f3s.<\/p>\n<p style=\"color:#0b7d8c;font-style:italic;margin:0 0 8px;font-weight:bold;\">Deixa que ele olhe para ti<\/p>\n<p style=\"margin:0 0 16px;color:#1a1a2e;font-weight:bold;font-size:22px;font-style:italic;\">\u00abSe ele te ouvir, ter\u00e1s ganhado o teu irm\u00e3o\u00bb.<\/p>\n<p style=\"margin:0 0 32px;\">Apresenta a Jesus as tuas rela\u00e7\u00f5es. Como reages quando algu\u00e9m te fere ou se engana? Deixa surgir o rosto de quem precisa da tua humildade e sinceridade.<\/p>\n<p style=\"color:#0b7d8c;font-style:italic;margin:0 0 8px;font-weight:bold;\">Permanece<\/p>\n<p style=\"margin:0 0 32px;\">Deixa que a verdade e a caridade se encontrem em ti.<br>Entrega ao Senhor as rela\u00e7\u00f5es que precisam de reconcilia\u00e7\u00e3o, di\u00e1logo ou cura.<\/p>\n<div style=\"background:#fff;border:1px solid #d9e4ec;padding:24px;border-radius:8px;max-width:420px;margin:0 auto;\"><p style=\"margin:0;color:#0b7d8c;font-weight:bold;font-size:17px;\">Contemplar \u00e9 voltar o olhar para o nosso interior, onde Deus habita.<\/p><\/div>\n<\/div><\/div>\n\n<div class=\"inq-step inq-comunicatio\" data-step=\"05\" style=\"margin:56px 0;\">\n<p style=\"font-family:Helvetica,Arial,sans-serif;font-size:11px;letter-spacing:3px;text-transform:uppercase;color:#0b7d8c;margin:0 0 4px;text-align:center;\">Communicatio<\/p>\n<h2 style=\"font-family:Georgia,serif;font-size:32px;color:#1a1a2e;text-align:center;margin:0 0 8px;font-weight:bold;\">Em comunidade<\/h2>\n<p style=\"text-align:center;color:#6b8599;font-style:italic;margin:0 0 28px;\">Nele somos todos um<\/p>\n\n<div class=\"inq-community-card\" style=\"background:#fff;padding:28px;border-radius:8px;border:1px solid #d9e4ec;margin:0 0 20px;\">\n<p style=\"font-size:18px;margin:0 0 12px;color:#1a1a2e;\"><strong>Partilhar<\/strong><\/p>\n<p style=\"font-size:18px;margin:0 0 8px;font-style:italic;\">Partilhamos com simplicidade aquilo que o Senhor despertou no cora\u00e7\u00e3o.<\/p>\n<p style=\"font-size:17px;margin:0;\">Que palavra de Jesus me tocou hoje?<br>O que descobri sobre a minha maneira de me relacionar com os outros?<\/p>\n<\/div>\n\n<div class=\"inq-community-card\" style=\"background:#fff;padding:28px;border-radius:8px;border:1px solid #d9e4ec;margin:0 0 20px;\">\n<p style=\"font-size:18px;margin:0 0 12px;color:#1a1a2e;\"><strong>Discernir<\/strong><\/p>\n<p style=\"font-size:18px;margin:0 0 8px;font-style:italic;\">Escutamos juntos o que o Senhor pode estar dizendo \u00e0 comunidade.<\/p>\n<p style=\"font-size:17px;margin:0;\">Como podemos nos corrigir e acompanhar sem ferir nem julgar?<br>O que precisamos cuidar para que Cristo esteja realmente no meio de n\u00f3s?<\/p>\n<\/div>\n\n<div class=\"inq-community-card\" style=\"background:#fff;padding:28px;border-radius:8px;border:1px solid #d9e4ec;margin:0 0 20px;\">\n<p style=\"font-size:18px;margin:0 0 12px;color:#1a1a2e;\"><strong>Caminhar<\/strong><\/p>\n<p style=\"font-size:18px;margin:0 0 8px;font-style:italic;\">Escolhemos um passo concreto que construa comunh\u00e3o.<\/p>\n<p style=\"font-size:17px;margin:0;\">De quem preciso me aproximar nesta semana?<br>Que gesto comunit\u00e1rio pode tornar vis\u00edvel a presen\u00e7a de Cristo entre n\u00f3s?<\/p>\n<\/div>\n<div class=\"inq-mantra\" style=\"text-align:center;font-family:Georgia,serif;font-size:20px;color:#fff;font-weight:bold;line-height:1.8;\"><p style=\"margin:0;\">Inquietos, sa\u00edmos;<br>em ti, nos reunimos;<br>juntos, constru\u00edmos comunh\u00e3o.<\/p><\/div>\n<\/div>\n\n<div class=\"inq-section inq-final\" style=\"margin:56px 0;\">\n<p style=\"font-family:Helvetica,Arial,sans-serif;font-size:11px;letter-spacing:3px;text-transform:uppercase;color:#0b7d8c;margin:0 0 4px;text-align:center;\">Ora\u00e7\u00e3o<\/p>\n<div style=\"background:#fff;padding:32px;border-radius:8px;border:1px solid #d9e4ec;font-size:18px;line-height:1.8;text-align:center;color:#1a1a2e;\">\n<p style=\"margin:0 0 16px;\">Obrigado, meu Senhor,<br>por tudo o que me concedeste<br>e inspiraste neste momento.<\/p>\n<p style=\"margin:0 0 16px;\">Que o meu cora\u00e7\u00e3o inquieto<br>n\u00e3o deixe de arder<br>at\u00e9 que finalmente descanse em ti,<br>\u00fanico e verdadeiro amor.<\/p>\n<p style=\"margin:0;\">Que tudo seja para a maior gl\u00f3ria do teu nome,<br>sendo todos uma s\u00f3 alma<br>e um s\u00f3 cora\u00e7\u00e3o orientados para ti,<br>nosso Deus.<\/p>\n<p style=\"margin:0;font-style:italic;color:#0b7d8c;font-weight:bold;\">Am\u00e9m.<\/p>\n<\/div><\/div>\n\n<div class=\"inq-section inq-vocations\" style=\"margin:56px 0;\">\n<div style=\"background:linear-gradient(145deg,#1a1a2e 0%,#0b7d8c 100%);padding:40px 32px;border-radius:12px;color:#fff;text-align:center;\">\n<p style=\"font-family:Helvetica,Arial,sans-serif;font-size:11px;letter-spacing:3px;text-transform:uppercase;color:#cde0ec;margin:0 0 4px;\">Ora\u00e7\u00e3o<\/p>\n<h2 style=\"font-family:Georgia,serif;font-size:28px;color:#fff!important;margin:0 0 28px;font-weight:bold;letter-spacing:1px;\">Pelas Voca\u00e7\u00f5es<\/h2>\n<div style=\"font-size:18px;line-height:1.8;\"><p style=\"margin:0 0 16px;\">Senhor nosso Deus,<br>faz com que o chamado da tua voz alcance muitos cora\u00e7\u00f5es.<\/p>\n<p style=\"margin:0 0 16px;\">Que se levantem e aprendam a viver unidos em ti.<\/p>\n<p style=\"margin:0 0 16px;\">Prepara o cora\u00e7\u00e3o deles com a tua Palavra,<br>para que anunciem a Boa-Nova aos pobres<br>e cuidem da tua messe abundante.<\/p>\n<p style=\"margin:0;\">Que todos os chamados \u00e0 vida agostiniana recoleta<br>escutem a tua voz<br>e tenham coragem de cumprir a tua vontade.<\/p><p style=\"margin:0;font-style:italic;font-weight:bold;\">Am\u00e9m.<\/p><\/div>\n<\/div><\/div>\n\n<div class=\"inq-cta\" style=\"text-align:center;margin:64px 0 24px;\">\n<p style=\"font-family:Helvetica,Arial,sans-serif;font-size:12px;letter-spacing:3px;text-transform:uppercase;color:#0b7d8c;margin:0 0 20px;\">E agora\u2026<\/p>\n<p><a style=\"display:inline-block;padding:22px 56px;background:linear-gradient(135deg,#e8824f,#d8653b);color:#fff;text-decoration:none;font-family:Georgia,serif;font-size:34px;font-weight:bold;letter-spacing:-.5px;border-radius:999px;box-shadow:0 8px 24px rgba(232,130,79,.25);line-height:1.1;\" href=\"https:\/\/dejate.inquietar.com\" target=\"_blank\" rel=\"noopener\">Deixe-se inquietar \u2192<\/a><\/p>\n<p style=\"font-family:Helvetica,Arial,sans-serif;font-size:13px;color:#6b8599;margin:20px 0 0;\">dejate.inquietar.com<\/p>\n<\/div>\n<div style=\"text-align:center;margin-top:40px;padding-top:28px;border-top:1px solid #d9e4ec;\"><p style=\"font-family:Helvetica,Arial,sans-serif;font-size:11px;letter-spacing:3px;text-transform:uppercase;color:#6b8599;margin:0;\">PredicAR \u00b7 Agostinianos Recoletos<\/p><\/div>\n<\/div>\n","protected":false},"excerpt":{"rendered":"<p>Lectio Divina do 23\u00ba Domingo do Tempo Comum, ciclo A, sobre Mateus 18, 15-20: corre\u00e7\u00e3o fraterna, reconcilia\u00e7\u00e3o e ora\u00e7\u00e3o em comunidade.<\/p>\n","protected":false},"author":20,"featured_media":5845,"comment_status":"open","ping_status":"open","sticky":false,"template":"","format":"standard","meta":{"footnotes":""},"categories":[437],"tags":[478,439,438,440,482,480,483,441,442,443,479,481,484,444,477,445,446],"class_list":["post-5844","post","type-post","status-publish","format-standard","has-post-thumbnail","hentry","category-lectio","tag-15-20","tag-agostinhos-recoletos","tag-agostiniano-recoleto","tag-ciclo-a","tag-comunhao","tag-correcao-fraterna","tag-domingo-23-do-tempo-comum","tag-evangelho-do-domingo","tag-inquietar","tag-lectio-divina","tag-mateus-18","tag-misericordia","tag-oracao-comunitaria","tag-pregar","tag-reconciliacao","tag-santo-agostinho","tag-sao-tomas-de-vilanova"],"_links":{"self":[{"href":"https:\/\/inquietar.com\/pt-br\/wp-json\/wp\/v2\/posts\/5844","targetHints":{"allow":["GET"]}}],"collection":[{"href":"https:\/\/inquietar.com\/pt-br\/wp-json\/wp\/v2\/posts"}],"about":[{"href":"https:\/\/inquietar.com\/pt-br\/wp-json\/wp\/v2\/types\/post"}],"author":[{"embeddable":true,"href":"https:\/\/inquietar.com\/pt-br\/wp-json\/wp\/v2\/users\/20"}],"replies":[{"embeddable":true,"href":"https:\/\/inquietar.com\/pt-br\/wp-json\/wp\/v2\/comments?post=5844"}],"version-history":[{"count":1,"href":"https:\/\/inquietar.com\/pt-br\/wp-json\/wp\/v2\/posts\/5844\/revisions"}],"predecessor-version":[{"id":5851,"href":"https:\/\/inquietar.com\/pt-br\/wp-json\/wp\/v2\/posts\/5844\/revisions\/5851"}],"wp:featuredmedia":[{"embeddable":true,"href":"https:\/\/inquietar.com\/pt-br\/wp-json\/wp\/v2\/media\/5845"}],"wp:attachment":[{"href":"https:\/\/inquietar.com\/pt-br\/wp-json\/wp\/v2\/media?parent=5844"}],"wp:term":[{"taxonomy":"category","embeddable":true,"href":"https:\/\/inquietar.com\/pt-br\/wp-json\/wp\/v2\/categories?post=5844"},{"taxonomy":"post_tag","embeddable":true,"href":"https:\/\/inquietar.com\/pt-br\/wp-json\/wp\/v2\/tags?post=5844"}],"curies":[{"name":"wp","href":"https:\/\/api.w.org\/{rel}","templated":true}]}}