{"id":5841,"date":"2026-09-03T11:29:03","date_gmt":"2026-09-03T11:29:03","guid":{"rendered":"https:\/\/inquietar.com\/lectio-divina-23a-domenica-ordinaria-dove-due-o-tre-sono-riuniti-nel-mio-nome\/"},"modified":"2026-09-03T14:46:14","modified_gmt":"2026-09-03T14:46:14","slug":"lectio-divina-23a-domenica-ordinaria-dove-due-o-tre-sono-riuniti-nel-mio-nome","status":"publish","type":"post","link":"https:\/\/inquietar.com\/it\/lectio-divina-23a-domenica-ordinaria-dove-due-o-tre-sono-riuniti-nel-mio-nome\/","title":{"rendered":"Lectio Divina 23\u00aa Domenica Ordinaria: Dove due o tre sono riuniti nel mio nome"},"content":{"rendered":"\n<style>\n.inq-alt {\n  --inq-teal: #0b7d8c;\n  --inq-aqua: #3bb0ba;\n  --inq-coral: #e8824f;\n  --inq-ink: #1a1a2e;\n  --inq-paper: #ffffff;\n  --inq-mist: #eef7f8;\n  max-width: 820px !important;\n  margin: 0 auto !important;\n  padding: 28px !important;\n  color: #333333 !important;\n  background: #ffffff !important;\n  border-radius: 28px !important;\n  box-shadow: 0 20px 70px rgba(11,125,140,.12) !important;\n  overflow: hidden;\n  position: relative;\n}\n.inq-alt *, .inq-alt *::before, .inq-alt *::after { box-sizing: border-box; }\n.inq-alt h1, .inq-alt h2 { color: var(--inq-ink) !important; }\n.inq-hero {\n  position: relative;\n  margin: 0 0 34px !important;\n  padding: 68px 42px 58px !important;\n  overflow: hidden;\n  color: #ffffff;\n  background: linear-gradient(145deg,#075f6b 0%,#0b7d8c 58%,#3bb0ba 100%);\n  border-radius: 24px;\n  box-shadow: 0 18px 38px rgba(11,125,140,.23);\n}\n.inq-hero::before {\n  content: \"\";\n  position: absolute;\n  width: 280px;\n  height: 280px;\n  right: -105px;\n  top: -125px;\n  border: 42px solid rgba(255,255,255,.10);\n  border-radius: 50%;\n}\n.inq-hero::after {\n  content: \"\";\n  position: absolute;\n  width: 140px;\n  height: 140px;\n  left: -60px;\n  bottom: -72px;\n  background: var(--inq-coral);\n  opacity: .34;\n  border-radius: 50%;\n}\n.inq-hero > * { position: relative; z-index: 1; }\n.inq-hero > p:first-child { color: #d7f4f6 !important; }\n.inq-hero h1 { color: #ffffff !important; font-size: 52px !important; }\n.inq-hero h1 em { color: #ffd0b8 !important; }\n.inq-hero > p:nth-of-type(2) { color: #ffffff !important; opacity: .86; }\n.inq-hero > div { background: var(--inq-coral) !important; width: 84px !important; }\n.inq-intro {\n  max-width: 690px;\n  margin: 0 auto 34px !important;\n  padding: 6px 20px;\n  color: #4a4a4a !important;\n}\n.inq-route {\n  display: flex;\n  gap: 10px;\n  justify-content: center;\n  flex-wrap: wrap;\n  margin: 0 0 64px;\n  padding: 0;\n}\n.inq-route span {\n  display: inline-flex;\n  align-items: center;\n  gap: 7px;\n  padding: 9px 13px;\n  color: var(--inq-teal);\n  background: var(--inq-mist);\n  border: 1px solid #cfe7e9;\n  border-radius: 999px;\n  font: 700 11px\/1.2 Helvetica,Arial,sans-serif;\n  letter-spacing: .8px;\n  text-transform: uppercase;\n}\n.inq-route b { color: var(--inq-coral); }\n.inq-section, .inq-step, .inq-voice {\n  position: relative;\n  margin: 64px 0 !important;\n}\n.inq-section {\n  padding: 40px !important;\n  background: #f8fbfb;\n  border: 1px solid #dcebed;\n  border-radius: 22px;\n}\n.inq-invocacion { border-top: 5px solid var(--inq-coral); }\n.inq-biblia { border-top: 5px solid var(--inq-teal); }\n.inq-biblia > div { border: 0 !important; box-shadow: 0 10px 28px rgba(26,26,46,.07); }\n.inq-voice {\n  padding: 38px !important;\n  background: linear-gradient(135deg,#fff8f3 0%,#ffffff 100%) !important;\n  border: 1px solid #f4d7c8 !important;\n  border-radius: 22px !important;\n  box-shadow: 0 12px 28px rgba(232,130,79,.10);\n}\n.inq-step {\n  margin-left: 28px !important;\n  padding: 46px 42px 42px 58px !important;\n  background: linear-gradient(145deg,#f4fafb 0%,#ffffff 100%);\n  border: 1px solid #d7e9eb;\n  border-radius: 24px;\n  box-shadow: 0 14px 34px rgba(11,125,140,.09);\n}\n.inq-step::before {\n  content: attr(data-step);\n  position: absolute;\n  left: -30px;\n  top: 38px;\n  display: grid;\n  place-items: center;\n  width: 60px;\n  height: 60px;\n  color: #ffffff;\n  background: var(--inq-teal);\n  border: 6px solid #ffffff;\n  border-radius: 50%;\n  box-shadow: 0 9px 22px rgba(11,125,140,.25);\n  font: 800 15px\/1 Helvetica,Arial,sans-serif;\n  letter-spacing: 1px;\n  z-index: 2;\n}\n.inq-step::after {\n  content: \"\";\n  position: absolute;\n  left: -1px;\n  top: 104px;\n  bottom: -66px;\n  width: 2px;\n  background: linear-gradient(var(--inq-aqua),rgba(59,176,186,.08));\n}\n.inq-step > p:first-child, .inq-step > h2, .inq-step > p:nth-child(3) {\n  text-align: left !important;\n}\n.inq-step > h2 { margin-left: 0 !important; }\n.inq-meditatio::before { background: var(--inq-coral); box-shadow: 0 9px 22px rgba(232,130,79,.25); }\n.inq-meditatio blockquote { border-left-color: var(--inq-coral) !important; }\n.inq-oratio { background: linear-gradient(145deg,#fff8f3 0%,#ffffff 100%); border-color: #f2d7c9; }\n.inq-oratio::before { background: var(--inq-coral); }\n.inq-contemplatio { background: linear-gradient(145deg,#f2f8f9 0%,#ffffff 100%); }\n.inq-comunicatio { background: linear-gradient(145deg,#eff9fa 0%,#ffffff 100%); }\n.inq-community-card {\n  border: 0 !important;\n  border-left: 4px solid var(--inq-aqua) !important;\n  border-radius: 0 14px 14px 0 !important;\n  box-shadow: 0 8px 22px rgba(26,26,46,.06);\n}\n.inq-community-card strong { color: var(--inq-teal); }\n.inq-mantra {\n  margin-top: 36px;\n  padding: 24px;\n  color: #ffffff !important;\n  background: var(--inq-teal);\n  border-radius: 18px;\n}\n.inq-mantra p { color: #ffffff !important; }\n.inq-final { background: #f8fbfb; border-top: 5px solid var(--inq-aqua); }\n.inq-vocations { padding: 0 !important; border: 0; overflow: hidden; }\n.inq-vocations > div {\n  background: linear-gradient(145deg,#1a1a2e 0%,#0b7d8c 100%) !important;\n  border-radius: 22px !important;\n  box-shadow: 0 16px 36px rgba(26,26,46,.20);\n}\n.inq-cta a { background: linear-gradient(135deg,var(--inq-coral),#d8653b) !important; box-shadow: 0 10px 26px rgba(232,130,79,.28) !important; }\n@media (max-width: 640px) {\n  .inq-alt { padding: 14px !important; border-radius: 16px !important; }\n  .inq-hero { padding: 48px 22px 42px !important; border-radius: 18px; }\n  .inq-hero h1 { font-size: 38px !important; }\n  .inq-section { padding: 28px 22px !important; }\n  .inq-step { margin-left: 16px !important; padding: 38px 22px 32px 34px !important; }\n  .inq-step::before { left: -24px; width: 48px; height: 48px; border-width: 4px; }\n  .inq-step::after { left: -1px; top: 88px; }\n  .inq-step h2 { font-size: 27px !important; }\n  .inq-route span { font-size: 10px; }\n}\n<\/style>\n<div class=\"inq-alt\" lang=\"it\" style=\"max-width:760px;margin:0 auto;padding:48px 32px;font-family:Georgia,'Times New Roman',serif;color:#2b2b2b;line-height:1.75;background:#f4f7fa;border-radius:12px;box-shadow:0 4px 24px rgba(30,60,90,.08);\">\n<div class=\"inq-hero\" style=\"text-align:center;margin-bottom:40px;\">\n<p style=\"font-family:Helvetica,Arial,sans-serif;font-size:12px;letter-spacing:3px;text-transform:uppercase;color:#d7f4f6;margin:0 0 12px;\">XXIII Domenica del Tempo Ordinario \u00b7 Matteo 18,15-20<\/p>\n<h1 style=\"font-family:Georgia,serif;font-size:48px;line-height:1.1;color:#fff;margin:0 0 8px;font-weight:bold;letter-spacing:-.5px;\">Dove due o tre sono riuniti <em style=\"color:#ffd0b8;font-style:italic;\">nel mio nome<\/em><\/h1>\n<p style=\"font-family:Helvetica,Arial,sans-serif;font-size:14px;letter-spacing:2px;text-transform:uppercase;color:#fff;margin:12px 0 0;\">La correzione fraterna: la misericordia vissuta insieme<\/p>\n<div style=\"width:60px;height:3px;background:#e8824f;margin:28px auto 0;\"><\/div>\n<\/div>\n\n<p class=\"inq-intro\" style=\"font-size:18px;line-height:1.8;margin:0 0 32px;text-align:center;color:#2b2b2b;font-style:italic;\">Questa <strong>Lectio Divina per la XXIII Domenica del Tempo Ordinario<\/strong>, Anno A, nasce dal Vangelo di <strong>Matteo 18,15-20<\/strong>: \u00abDove sono due o tre riuniti nel mio nome, l\u00ec sono io in mezzo a loro\u00bb. Attraverso Lectio, Meditatio, Oratio, Contemplatio e Communicatio accogliamo la Parola nello spirito agostiniano recolleto, nella preghiera personale e comunitaria.<\/p>\n<div class=\"inq-route\" aria-label=\"Lectio Divina\"><span><b>01<\/b> Lectio<\/span><span><b>02<\/b> Meditatio<\/span><span><b>03<\/b> Oratio<\/span><span><b>04<\/b> Contemplatio<\/span><span><b>05<\/b> Communicatio<\/span><\/div>\n\n<div class=\"inq-section inq-invocacion\" style=\"margin:48px 0;\">\n<p style=\"font-family:Helvetica,Arial,sans-serif;font-size:11px;letter-spacing:3px;text-transform:uppercase;color:#0b7d8c;margin:0 0 4px;text-align:center;\">Invocazione<\/p>\n<h2 style=\"font-family:Georgia,serif;font-size:32px;color:#1a1a2e;text-align:center;margin:0 0 24px;font-weight:bold;\">Vieni, Spirito Santo<\/h2>\n<div style=\"background:#fff;border-left:4px solid #e8824f;padding:28px 32px;border-radius:0 8px 8px 0;font-style:italic;font-size:18px;color:#1a1a2e;line-height:1.7;\">\n<p style=\"margin:0 0 16px;\">Vieni, Spirito Santo,<br>\nper mezzo del quale viene santificata<br>\nogni anima che crede in Cristo<br>\ne diventa cittadina<br>\ndella citt\u00e0 di Dio.<\/p>\n<p style=\"margin:0;\">Vieni, Spirito Santo;<br>\nrendici docili ai movimenti di Dio.<br>\nAccendi in noi il tuo fuoco,<br>\nilluminaci e innalzaci verso Dio.<\/p>\n<p style=\"text-align:right;font-size:14px;color:#6b8599;margin:20px 0 0;font-style:normal;letter-spacing:1px;\">\u2014 Sant\u2019Agostino (En. Ps. 45, 8 \u00b7 Serm. 128, 4)<\/p>\n<\/div><\/div>\n\n<div class=\"inq-section inq-biblia\" style=\"margin:56px 0;\">\n<p style=\"font-family:Helvetica,Arial,sans-serif;font-size:11px;letter-spacing:3px;text-transform:uppercase;color:#0b7d8c;margin:0 0 4px;text-align:center;\">Vangelo<\/p>\n<h2 style=\"font-family:Georgia,serif;font-size:32px;color:#1a1a2e;text-align:center;margin:0 0 8px;font-weight:bold;\">Matteo 18,15-20<\/h2>\n<p style=\"text-align:center;font-style:italic;color:#6b8599;margin:0 0 28px;\">XXIII Domenica del Tempo Ordinario<\/p>\n<div style=\"background:#fff;padding:32px;border-radius:8px;border:1px solid #d9e4ec;font-size:18px;line-height:1.8;\">\n<p style=\"margin:0 0 16px;\">In quel tempo, Ges\u00f9 disse ai suoi discepoli: <em><span style=\"color:#e2573e;\">\u00abSe tuo fratello commette una colpa contro di te, va\u2019 e ammoniscilo fra te e lui solo; se ti ascolter\u00e0, avrai guadagnato tuo fratello.<\/span><\/em><\/p>\n<p style=\"margin:0 0 16px;\"><em><span style=\"color:#e2573e;\">Se non ascolter\u00e0, prendi ancora con te una o due persone, perch\u00e9 ogni cosa sia risolta sulla parola di due o tre testimoni. Se poi non ascolter\u00e0 costoro, dillo alla comunit\u00e0; e se non ascolter\u00e0 neanche la comunit\u00e0, riconosci che la comunione \u00e8 stata spezzata.<\/span><\/em><\/p>\n<p style=\"margin:0 0 16px;\"><em><span style=\"color:#e2573e;\">In verit\u00e0 io vi dico: tutto quello che legherete sulla terra sar\u00e0 legato in cielo e tutto quello che scioglierete sulla terra sar\u00e0 sciolto in cielo.<\/span><\/em><\/p>\n<p style=\"margin:0 0 16px;\"><em><span style=\"color:#e2573e;\">In verit\u00e0 io vi dico ancora: se due di voi sulla terra si metteranno d\u2019accordo per chiedere qualunque cosa, il Padre mio che \u00e8 nei cieli la conceder\u00e0. Perch\u00e9 dove sono due o tre riuniti nel mio nome, l\u00ec sono io in mezzo a loro\u00bb.<\/span><\/em><\/p>\n<p style=\"text-align:right;margin:24px 0 0;color:#0b7d8c;font-weight:bold;\">Parola del Signore<\/p>\n<p style=\"text-align:right;margin:4px 0 0;color:#6b8599;font-style:italic;\">Lode a te, o Cristo<\/p>\n<\/div><\/div>\n\n<div class=\"inq-step inq-lectio\" data-step=\"01\" style=\"margin:56px 0;\">\n<p style=\"font-family:Helvetica,Arial,sans-serif;font-size:11px;letter-spacing:3px;text-transform:uppercase;color:#0b7d8c;margin:0 0 4px;text-align:center;\">Lectio<\/p>\n<h2 style=\"font-family:Georgia,serif;font-size:32px;color:#1a1a2e;text-align:center;margin:0 0 8px;font-weight:bold;\">Ci\u00f2 che dice il testo<\/h2>\n<p style=\"text-align:center;font-style:italic;color:#6b8599;margin:0 0 28px;\">Sant\u2019Agostino \u00b7 Discorso 17, 6-7<\/p>\n<div style=\"font-size:17px;line-height:1.8;\"><p style=\"margin:0 0 16px;\">C\u2019\u00e8 qualcosa di particolarmente grave: non soltanto fatichiamo a perdonare quando veniamo offesi, ma spesso non vogliamo chiedere perdono quando siamo noi ad avere sbagliato. La tentazione entra, l\u2019ira prende possesso del cuore e la lingua comincia ad accusare. Quando ti accorgi di dove ti ha trascinato, torna indietro e di\u2019 con semplicit\u00e0: \u00abHo sbagliato; ho peccato\u00bb. Riconoscerlo non ti far\u00e0 morire: aprir\u00e0 invece una porta alla vita.<\/p>\n<p style=\"margin:0;\">Se qualcuno non ascolta neppure la comunit\u00e0, Ges\u00f9 chiede di prendere sul serio la profondit\u00e0 della frattura. Ma questo viene soltanto dopo un incontro personale e dopo avere percorso con pazienza le vie della verit\u00e0 e della misericordia. La correzione non serve a umiliare o esporre l\u2019altro: vuole guadagnare di nuovo un fratello.<\/p><\/div>\n<\/div>\n\n<div class=\"inq-voice\" style=\"margin:56px 0;padding:32px;background:#fff;border-radius:8px;border:1px solid #d9e4ec;\">\n<p style=\"text-align:center;font-style:italic;color:#6b8599;margin:0 0 20px;letter-spacing:1px;\">San Tommaso da Villanova<\/p>\n<div style=\"font-size:18px;line-height:1.8;font-style:italic;color:#1a1a2e;text-align:center;\"><p style=\"margin:0;\">Quanto \u00e8 delicato il comando del Signore! Per custodire il buon nome del prossimo, non permette che venga accusato pubblicamente fin dall\u2019inizio. Prima chiede una parola in segreto, poi la presenza di due testimoni e soltanto dopo la comunit\u00e0. Anche il buon medico comincia con dolcezza e ricorre a rimedi pi\u00f9 dolorosi solo quando la ferita minaccia tutto il corpo.<\/p><\/div>\n<\/div>\n\n<div class=\"inq-section inq-commentary\" style=\"margin:56px 0;\">\n<p style=\"font-family:Helvetica,Arial,sans-serif;font-size:11px;letter-spacing:3px;text-transform:uppercase;color:#0b7d8c;margin:0 0 4px;text-align:center;\">Riflessione<\/p>\n<h2 style=\"font-family:Georgia,serif;font-size:28px;color:#1a1a2e;text-align:center;margin:0 0 28px;font-weight:bold;\">La correzione fraterna: la misericordia vissuta insieme<\/h2>\n<div style=\"font-size:18px;line-height:1.8;\"><p style=\"margin:0 0 16px;\">Ges\u00f9 affronta una realt\u00e0 che ogni comunit\u00e0 prima o poi conosce: il peccato ferisce le relazioni e pu\u00f2 danneggiare l\u2019intero corpo. La sua proposta \u00e8 concreta, graduale e responsabile. Il primo passo non \u00e8 escludere, ma avvicinarsi; non \u00e8 esporre, ma parlare a tu per tu; non \u00e8 sconfiggere l\u2019altro, ma <strong style=\"color:#0b7d8c;\">guadagnare il fratello<\/strong>.<\/p>\n<p style=\"margin:0 0 16px;\">Queste parole seguono immediatamente la parabola della pecora smarrita. La comunit\u00e0 cristiana vive dunque in sintonia con il desiderio di Dio di riportare a casa chi si \u00e8 allontanato. \u00c8 un ospedale per tutti: cura le ferite, offre la medicina necessaria e non smette di sperare nella conversione.<\/p>\n<p style=\"margin:0 0 16px;\">La correzione fraterna non appartiene a chi si considera moralmente superiore. Tutti dobbiamo imparare a parlare con umilt\u00e0 e ad accogliere una correzione senza chiuderci nella difesa. La verit\u00e0 senza carit\u00e0 distrugge; la carit\u00e0 senza verit\u00e0 lascia il fratello solo dentro la sua ferita.<\/p>\n<p style=\"margin:0 0 16px;\">Pu\u00f2 diventare necessario porre un limite quando qualcuno rifiuta ogni aiuto e mette a rischio gli altri. Anche allora il limite deve nascere dalla responsabilit\u00e0, non dal disprezzo, e la speranza deve rimanere aperta.<\/p>\n<p style=\"margin:0 0 16px;\">L\u2019autorit\u00e0 di legare e sciogliere \u00e8 al servizio della comunione offerta dalla misericordia. La preghiera condivisa sostiene questo cammino: quando due o tre si riuniscono nel nome di Ges\u00f9, egli non \u00e8 un ospite lontano, ma <strong style=\"color:#0b7d8c;\">il centro vivo della comunit\u00e0<\/strong>.<\/p>\n<p style=\"margin:0;\">Insieme preghiamo per la conversione del mondo, per le relazioni ferite e per chi si \u00e8 allontanato. La presenza di Cristo trasforma chi prega e insegna a cercare la volont\u00e0 del Padre.<\/p><\/div>\n<\/div>\n\n<div class=\"inq-step inq-meditatio\" data-step=\"02\" style=\"margin:56px 0;\">\n<p style=\"font-family:Helvetica,Arial,sans-serif;font-size:11px;letter-spacing:3px;text-transform:uppercase;color:#0b7d8c;margin:0 0 4px;text-align:center;\">Meditatio<\/p>\n<h2 style=\"font-family:Georgia,serif;font-size:32px;color:#1a1a2e;text-align:center;margin:0 0 28px;font-weight:bold;\">Ci\u00f2 che la Parola dice a me<\/h2>\n\n<blockquote style=\"border-left:4px solid #e8824f;background:#fff;margin:0 0 20px;padding:22px 26px;font-family:Georgia,serif;font-size:19px;font-style:italic;color:#1a1a2e;line-height:1.5;border-radius:0 8px 8px 0;\"><p style=\"margin:0;\">\u00abSe non ascolter\u00e0 neanche la comunit\u00e0, riconosci che la comunione \u00e8 stata spezzata\u00bb.<\/p><\/blockquote>\n<p style=\"font-size:18px;margin:0 0 12px;line-height:1.8;\">Ges\u00f9 riconosce che esistono scelte che distruggono invece di edificare. Porre un limite pu\u00f2 essere doloroso, come una medicina sulla ferita, ma talvolta \u00e8 necessario per proteggere le persone e custodire la comunit\u00e0. Non possiamo costringere nessuno a cambiare; possiamo continuare ad amare, pregare e lasciare aperta la via del ritorno.<\/p>\n<p style=\"font-size:19px;margin:0 0 36px;color:#0b7d8c;font-style:italic;text-align:center;font-weight:bold;\">So porre dei limiti senza rinunciare ad amare e a sperare nella conversione dell\u2019altro?<\/p>\n\n<blockquote style=\"border-left:4px solid #e8824f;background:#fff;margin:0 0 20px;padding:22px 26px;font-family:Georgia,serif;font-size:19px;font-style:italic;color:#1a1a2e;line-height:1.5;border-radius:0 8px 8px 0;\"><p style=\"margin:0;\">\u00abDove sono due o tre riuniti nel mio nome, l\u00ec sono io in mezzo a loro\u00bb.<\/p><\/blockquote>\n<p style=\"font-size:18px;margin:0 0 12px;line-height:1.8;\">Il centro della comunit\u00e0 cristiana non \u00e8 soltanto l\u2019affetto tra i suoi membri: \u00e8 Ges\u00f9 di Nazaret. Imparando da lui a guardare il Padre, impariamo anche a chiedere secondo la sua volont\u00e0. La presenza di Cristo trasforma un incontro in comunione e molte voci in una preghiera condivisa.<\/p>\n<p style=\"font-size:19px;margin:0;color:#0b7d8c;font-style:italic;text-align:center;font-weight:bold;\">Cristo \u00e8 davvero al centro della mia preghiera e della mia comunit\u00e0?<\/p>\n<\/div>\n\n<div class=\"inq-step inq-oratio\" data-step=\"03\" style=\"margin:56px 0;\">\n<p style=\"font-family:Helvetica,Arial,sans-serif;font-size:11px;letter-spacing:3px;text-transform:uppercase;color:#0b7d8c;margin:0 0 4px;text-align:center;\">Oratio<\/p>\n<h2 style=\"font-family:Georgia,serif;font-size:32px;color:#1a1a2e;text-align:center;margin:0 0 28px;font-weight:bold;\">Ci\u00f2 che dico a Dio<\/h2>\n<div style=\"background:#fff;padding:32px;border-radius:8px;border:1px solid #d9e4ec;font-size:19px;line-height:1.9;font-style:italic;color:#1a1a2e;text-align:center;\">\n<p style=\"margin:0 0 16px;\">Nessuno dica:<br>\u00abNon so che cosa devo amare\u00bb.<br>Ama il fratello<br>e amerai l\u2019Amore stesso.<\/p>\n<p style=\"margin:0 0 16px;\">Abbraccia il Dio Amore;<br>abbraccia Dio attraverso l\u2019amore.<br>Egli \u00e8 l\u2019Amore che ci unisce,<br>l\u2019Amore che ci rende una cosa sola.<\/p>\n<p style=\"margin:0;\">Quanto pi\u00f9 saremo liberi<br>dalla mancanza d\u2019amore e dalla superbia,<br>tanto pi\u00f9 saremo colmi d\u2019amore.<br>E chi \u00e8 pieno d\u2019amore,<br>di che cosa \u00e8 pieno se non di Dio?<\/p>\n<p style=\"font-size:14px;font-style:normal;color:#6b8599;margin:0;letter-spacing:1px;\">\u2014 Sant\u2019Agostino (La Trinit\u00e0 8, 8, 12)<\/p>\n<\/div><\/div>\n\n<div class=\"inq-step inq-contemplatio\" data-step=\"04\" style=\"margin:56px 0;\">\n<p style=\"font-family:Helvetica,Arial,sans-serif;font-size:11px;letter-spacing:3px;text-transform:uppercase;color:#0b7d8c;margin:0 0 4px;text-align:center;\">Contemplatio<\/p>\n<h2 style=\"font-family:Georgia,serif;font-size:28px;color:#1a1a2e;text-align:center;margin:0 0 28px;font-weight:bold;\">Fa\u2019 che mi ricordi di te, Signore<\/h2>\n<div style=\"text-align:center;font-size:18px;line-height:1.8;\">\n<p style=\"color:#0b7d8c;font-style:italic;margin:0 0 8px;font-weight:bold;\">Nel silenzio\u2026<\/p>\n<p style=\"margin:0 0 24px;\">Osserva la premura di Ges\u00f9 per chi si \u00e8 allontanato o ha sbagliato.<\/p>\n<p style=\"margin:0 0 8px;\">Non invita a condannare, ma a cercare il fratello.<\/p>\n<p style=\"margin:0 0 32px;color:#1a1a2e;font-weight:bold;\">Rimani nella sua promessa: egli \u00e8 qui in mezzo a noi.<\/p>\n<p style=\"color:#0b7d8c;font-style:italic;margin:0 0 8px;font-weight:bold;\">Lasciati guardare<\/p>\n<p style=\"margin:0 0 16px;color:#1a1a2e;font-weight:bold;font-size:22px;font-style:italic;\">\u00abSe ti ascolter\u00e0, avrai guadagnato tuo fratello\u00bb.<\/p>\n<p style=\"margin:0 0 32px;\">Porta davanti a Ges\u00f9 le tue relazioni. Come reagisci quando qualcuno ti ferisce o sbaglia? Lascia emergere il volto di chi ha bisogno della tua umilt\u00e0 e della tua sincerit\u00e0.<\/p>\n<p style=\"color:#0b7d8c;font-style:italic;margin:0 0 8px;font-weight:bold;\">Rimani<\/p>\n<p style=\"margin:0 0 32px;\">Lascia che verit\u00e0 e carit\u00e0 si incontrino in te.<br>Affida al Signore le relazioni che hanno bisogno di riconciliazione, dialogo o guarigione.<\/p>\n<div style=\"background:#fff;border:1px solid #d9e4ec;padding:24px;border-radius:8px;max-width:420px;margin:0 auto;\"><p style=\"margin:0;color:#0b7d8c;font-weight:bold;font-size:17px;\">Contemplare significa rivolgere lo sguardo al nostro intimo, l\u00e0 dove Dio abita.<\/p><\/div>\n<\/div><\/div>\n\n<div class=\"inq-step inq-comunicatio\" data-step=\"05\" style=\"margin:56px 0;\">\n<p style=\"font-family:Helvetica,Arial,sans-serif;font-size:11px;letter-spacing:3px;text-transform:uppercase;color:#0b7d8c;margin:0 0 4px;text-align:center;\">Communicatio<\/p>\n<h2 style=\"font-family:Georgia,serif;font-size:32px;color:#1a1a2e;text-align:center;margin:0 0 8px;font-weight:bold;\">In comunit\u00e0<\/h2>\n<p style=\"text-align:center;color:#6b8599;font-style:italic;margin:0 0 28px;\">In lui siamo una cosa sola<\/p>\n\n<div class=\"inq-community-card\" style=\"background:#fff;padding:28px;border-radius:8px;border:1px solid #d9e4ec;margin:0 0 20px;\">\n<p style=\"font-size:18px;margin:0 0 12px;color:#1a1a2e;\"><strong>Condividere<\/strong><\/p>\n<p style=\"font-size:18px;margin:0 0 8px;font-style:italic;\">Condividiamo con semplicit\u00e0 ci\u00f2 che il Signore ha suscitato nel cuore.<\/p>\n<p style=\"font-size:17px;margin:0;\">Quale parola di Ges\u00f9 mi ha toccato oggi?<br>Che cosa ho scoperto del mio modo di vivere le relazioni?<\/p>\n<\/div>\n\n<div class=\"inq-community-card\" style=\"background:#fff;padding:28px;border-radius:8px;border:1px solid #d9e4ec;margin:0 0 20px;\">\n<p style=\"font-size:18px;margin:0 0 12px;color:#1a1a2e;\"><strong>Discernere<\/strong><\/p>\n<p style=\"font-size:18px;margin:0 0 8px;font-style:italic;\">Ascoltiamo insieme ci\u00f2 che il Signore pu\u00f2 dire alla comunit\u00e0.<\/p>\n<p style=\"font-size:17px;margin:0;\">Come possiamo correggerci e accompagnarci senza ferire n\u00e9 giudicare?<br>Che cosa dobbiamo custodire perch\u00e9 Cristo sia davvero in mezzo a noi?<\/p>\n<\/div>\n\n<div class=\"inq-community-card\" style=\"background:#fff;padding:28px;border-radius:8px;border:1px solid #d9e4ec;margin:0 0 20px;\">\n<p style=\"font-size:18px;margin:0 0 12px;color:#1a1a2e;\"><strong>Camminare<\/strong><\/p>\n<p style=\"font-size:18px;margin:0 0 8px;font-style:italic;\">Scegliamo un passo concreto che costruisca comunione.<\/p>\n<p style=\"font-size:17px;margin:0;\">A chi devo avvicinarmi questa settimana?<br>Quale gesto comunitario pu\u00f2 rendere visibile la presenza di Cristo tra noi?<\/p>\n<\/div>\n<div class=\"inq-mantra\" style=\"text-align:center;font-family:Georgia,serif;font-size:20px;color:#fff;font-weight:bold;line-height:1.8;\"><p style=\"margin:0;\">Inquieti, usciamo;<br>in te, ci riuniamo;<br>insieme, costruiamo comunione.<\/p><\/div>\n<\/div>\n\n<div class=\"inq-section inq-final\" style=\"margin:56px 0;\">\n<p style=\"font-family:Helvetica,Arial,sans-serif;font-size:11px;letter-spacing:3px;text-transform:uppercase;color:#0b7d8c;margin:0 0 4px;text-align:center;\">Preghiera<\/p>\n<div style=\"background:#fff;padding:32px;border-radius:8px;border:1px solid #d9e4ec;font-size:18px;line-height:1.8;text-align:center;color:#1a1a2e;\">\n<p style=\"margin:0 0 16px;\">Grazie, Signore mio,<br>per tutto ci\u00f2 che mi hai donato<br>e ispirato in questo momento.<\/p>\n<p style=\"margin:0 0 16px;\">Fa\u2019 che il mio cuore inquieto<br>non smetta di ardere<br>finch\u00e9 finalmente riposi in te,<br>unico e vero amore.<\/p>\n<p style=\"margin:0;\">Tutto sia per la maggiore gloria del tuo nome,<br>mentre diventiamo un\u2019anima sola<br>e un cuore solo rivolti verso di te,<br>Dio nostro.<\/p>\n<p style=\"margin:0;font-style:italic;color:#0b7d8c;font-weight:bold;\">Amen.<\/p>\n<\/div><\/div>\n\n<div class=\"inq-section inq-vocations\" style=\"margin:56px 0;\">\n<div style=\"background:linear-gradient(145deg,#1a1a2e 0%,#0b7d8c 100%);padding:40px 32px;border-radius:12px;color:#fff;text-align:center;\">\n<p style=\"font-family:Helvetica,Arial,sans-serif;font-size:11px;letter-spacing:3px;text-transform:uppercase;color:#cde0ec;margin:0 0 4px;\">Preghiera<\/p>\n<h2 style=\"font-family:Georgia,serif;font-size:28px;color:#fff!important;margin:0 0 28px;font-weight:bold;letter-spacing:1px;\">Per le Vocazioni<\/h2>\n<div style=\"font-size:18px;line-height:1.8;\"><p style=\"margin:0 0 16px;\">Signore Dio nostro,<br>fa\u2019 che la tua voce raggiunga molti cuori.<\/p>\n<p style=\"margin:0 0 16px;\">Possano alzarsi e imparare a vivere uniti in te.<\/p>\n<p style=\"margin:0 0 16px;\">Prepara i loro cuori con la tua Parola,<br>perch\u00e9 portino il lieto annuncio ai poveri<br>e si prendano cura della tua messe abbondante.<\/p>\n<p style=\"margin:0;\">Fa\u2019 che tutti coloro che chiami alla vita agostiniana recolletta<br>ascoltino la tua voce<br>e abbiano il coraggio di compiere la tua volont\u00e0.<\/p><p style=\"margin:0;font-style:italic;font-weight:bold;\">Amen.<\/p><\/div>\n<\/div><\/div>\n\n<div class=\"inq-cta\" style=\"text-align:center;margin:64px 0 24px;\">\n<p style=\"font-family:Helvetica,Arial,sans-serif;font-size:12px;letter-spacing:3px;text-transform:uppercase;color:#0b7d8c;margin:0 0 20px;\">E ora\u2026<\/p>\n<p><a style=\"display:inline-block;padding:22px 56px;background:linear-gradient(135deg,#e8824f,#d8653b);color:#fff;text-decoration:none;font-family:Georgia,serif;font-size:34px;font-weight:bold;letter-spacing:-.5px;border-radius:999px;box-shadow:0 8px 24px rgba(232,130,79,.25);line-height:1.1;\" href=\"https:\/\/dejate.inquietar.com\" target=\"_blank\" rel=\"noopener\">Lasciati inquietare \u2192<\/a><\/p>\n<p style=\"font-family:Helvetica,Arial,sans-serif;font-size:13px;color:#6b8599;margin:20px 0 0;\">dejate.inquietar.com<\/p>\n<\/div>\n<div style=\"text-align:center;margin-top:40px;padding-top:28px;border-top:1px solid #d9e4ec;\"><p style=\"font-family:Helvetica,Arial,sans-serif;font-size:11px;letter-spacing:3px;text-transform:uppercase;color:#6b8599;margin:0;\">PredicAR \u00b7 Agostiniani Recolletti<\/p><\/div>\n<\/div>\n","protected":false},"excerpt":{"rendered":"<p>Lectio Divina della 23\u00aa Domenica Ordinaria, ciclo A, su Matteo 18, 15-20: correzione fraterna, riconciliazione e preghiera in comunit\u00e0.<\/p>\n","protected":false},"author":20,"featured_media":5842,"comment_status":"open","ping_status":"open","sticky":false,"template":"","format":"standard","meta":{"footnotes":""},"categories":[420],"tags":[454,421,422,78,474,472,475,155,173,471,457,427,476,469,429,428,424],"class_list":["post-5841","post","type-post","status-publish","format-standard","has-post-thumbnail","hentry","category-lectio","tag-15-20","tag-agostiniana-recolletta","tag-agostiniani-recolletti","tag-ciclo-a","tag-comunione","tag-correzione-fraterna","tag-domenica-23-del-tempo-ordinario","tag-inquietar","tag-lectio-divina","tag-matteo-18","tag-misericordia","tag-predicare","tag-preghiera-comunitaria","tag-riconciliazione","tag-san-tommaso-da-villanova","tag-santagostino","tag-vangelo-della-domenica"],"_links":{"self":[{"href":"https:\/\/inquietar.com\/it\/wp-json\/wp\/v2\/posts\/5841","targetHints":{"allow":["GET"]}}],"collection":[{"href":"https:\/\/inquietar.com\/it\/wp-json\/wp\/v2\/posts"}],"about":[{"href":"https:\/\/inquietar.com\/it\/wp-json\/wp\/v2\/types\/post"}],"author":[{"embeddable":true,"href":"https:\/\/inquietar.com\/it\/wp-json\/wp\/v2\/users\/20"}],"replies":[{"embeddable":true,"href":"https:\/\/inquietar.com\/it\/wp-json\/wp\/v2\/comments?post=5841"}],"version-history":[{"count":1,"href":"https:\/\/inquietar.com\/it\/wp-json\/wp\/v2\/posts\/5841\/revisions"}],"predecessor-version":[{"id":5852,"href":"https:\/\/inquietar.com\/it\/wp-json\/wp\/v2\/posts\/5841\/revisions\/5852"}],"wp:featuredmedia":[{"embeddable":true,"href":"https:\/\/inquietar.com\/it\/wp-json\/wp\/v2\/media\/5842"}],"wp:attachment":[{"href":"https:\/\/inquietar.com\/it\/wp-json\/wp\/v2\/media?parent=5841"}],"wp:term":[{"taxonomy":"category","embeddable":true,"href":"https:\/\/inquietar.com\/it\/wp-json\/wp\/v2\/categories?post=5841"},{"taxonomy":"post_tag","embeddable":true,"href":"https:\/\/inquietar.com\/it\/wp-json\/wp\/v2\/tags?post=5841"}],"curies":[{"name":"wp","href":"https:\/\/api.w.org\/{rel}","templated":true}]}}